{"id":1933,"date":"2025-04-03T16:54:35","date_gmt":"2025-04-03T19:54:35","guid":{"rendered":"https:\/\/cib.udp.cl\/?p=1933"},"modified":"2025-05-05T16:58:00","modified_gmt":"2025-05-05T19:58:00","slug":"charla-sobre-salud-cerebral-abrio-nuevo-ciclo-de-seminarios-cib-club","status":"publish","type":"post","link":"https:\/\/cib.udp.cl\/en\/charla-sobre-salud-cerebral-abrio-nuevo-ciclo-de-seminarios-cib-club\/","title":{"rendered":"CHARLA SOBRE SALUD CEREBRAL ABRI\u00d3 NUEVO CICLO DE SEMINARIOS CIB-CLUB"},"content":{"rendered":"<p>El Centro de Investigaci\u00f3n Biom\u00e9dica (CIB) de la Universidad Diego Portales dio inicio a su nuevo ciclo de seminarios CIB-Club con la charla \u201cSalud cerebral: redes, modelos y equidad en la investigaci\u00f3n\u201d. La actividad se llev\u00f3 a cabo el pasado 2 de abril a las 10:00 horas en la sala 305 de la Facultad de Ingenier\u00eda y Ciencias UDP, ubicada en Ej\u00e9rcito 441, Santiago.<\/p>\n<p>La charla fue dictada por la Dra. Claudia Dur\u00e1n-Aniotz, reconocida neurocient\u00edfica, docente y codirectora del Latin American Brain Health Institute de la Universidad Adolfo Ib\u00e1\u00f1ez (UAI). En su exposici\u00f3n, abord\u00f3 la importancia de las redes de colaboraci\u00f3n en la investigaci\u00f3n neurocient\u00edfica, los modelos de estudio en salud cerebral y los desaf\u00edos de equidad en este campo.<\/p>\n<p>Este evento marc\u00f3 el inicio de un ciclo de seminarios organizados por el CIB, que busca fomentar el di\u00e1logo interdisciplinario y la difusi\u00f3n de investigaciones en biomedicina. La actividad fue abierta a la comunidad acad\u00e9mica y cient\u00edfica interesada en la neurociencia y \u00e1reas afines.<\/p>\n","protected":false},"excerpt":{"rendered":"<p>El Centro de Investigaci\u00f3n Biom\u00e9dica (CIB) de la Universidad Diego Portales dio inicio a su nuevo ciclo de seminarios CIB-Club con la charla \u201cSalud cerebral: redes, modelos y equidad en la investigaci\u00f3n\u201d. La actividad se llev\u00f3 a cabo el pasado 2 de abril a las 10:00 horas en la sala 305 de la Facultad de [&hellip;]<\/p>\n","protected":false},"author":6,"featured_media":1934,"comment_status":"open","ping_status":"open","sticky":false,"template":"","format":"standard","meta":{"_acf_changed":false,"footnotes":""},"categories":[5],"tags":[],"class_list":["post-1933","post","type-post","status-publish","format-standard","has-post-thumbnail","hentry","category-evento"],"acf":[],"img":"https:\/\/cib.udp.cl\/cms\/wp-content\/uploads\/2025\/05\/UDPCharla-Salud-Cerebral013-scaled-1.jpg","_links":{"self":[{"href":"https:\/\/cib.udp.cl\/en\/wp-json\/wp\/v2\/posts\/1933","targetHints":{"allow":["GET"]}}],"collection":[{"href":"https:\/\/cib.udp.cl\/en\/wp-json\/wp\/v2\/posts"}],"about":[{"href":"https:\/\/cib.udp.cl\/en\/wp-json\/wp\/v2\/types\/post"}],"author":[{"embeddable":true,"href":"https:\/\/cib.udp.cl\/en\/wp-json\/wp\/v2\/users\/6"}],"replies":[{"embeddable":true,"href":"https:\/\/cib.udp.cl\/en\/wp-json\/wp\/v2\/comments?post=1933"}],"version-history":[{"count":2,"href":"https:\/\/cib.udp.cl\/en\/wp-json\/wp\/v2\/posts\/1933\/revisions"}],"predecessor-version":[{"id":1936,"href":"https:\/\/cib.udp.cl\/en\/wp-json\/wp\/v2\/posts\/1933\/revisions\/1936"}],"wp:featuredmedia":[{"embeddable":true,"href":"https:\/\/cib.udp.cl\/en\/wp-json\/wp\/v2\/media\/1934"}],"wp:attachment":[{"href":"https:\/\/cib.udp.cl\/en\/wp-json\/wp\/v2\/media?parent=1933"}],"wp:term":[{"taxonomy":"category","embeddable":true,"href":"https:\/\/cib.udp.cl\/en\/wp-json\/wp\/v2\/categories?post=1933"},{"taxonomy":"post_tag","embeddable":true,"href":"https:\/\/cib.udp.cl\/en\/wp-json\/wp\/v2\/tags?post=1933"}],"curies":[{"name":"wp","href":"https:\/\/api.w.org\/{rel}","templated":true}]}}